{"id":256710,"date":"2026-04-21T10:01:19","date_gmt":"2026-04-21T09:01:19","guid":{"rendered":"https:\/\/www.rambertigroup.com\/?p=256710"},"modified":"2026-04-21T14:29:14","modified_gmt":"2026-04-21T13:29:14","slug":"mobilier-dexterieur-professionnel","status":"publish","type":"post","link":"https:\/\/www.rambertigroup.com\/fr\/mobilier-dexterieur-professionnel\/","title":{"rendered":"Mobilier d&rsquo;exterieur professionnel : Pourquoi la cha\u00eene d\u2019approvisionnement courte et le Made in Italy sont le meilleur investissement pour votre entreprise professionnel"},"content":{"rendered":"<p>[et_pb_section fb_built=\u00a0\u00bb1&Prime; admin_label=\u00a0\u00bbsection\u00a0\u00bb _builder_version=\u00a0\u00bb4.16&Prime; da_disable_devices=\u00a0\u00bboff|off|off\u00a0\u00bb global_colors_info=\u00a0\u00bb{}\u00a0\u00bb da_is_popup=\u00a0\u00bboff\u00a0\u00bb da_exit_intent=\u00a0\u00bboff\u00a0\u00bb da_has_close=\u00a0\u00bbon\u00a0\u00bb da_alt_close=\u00a0\u00bboff\u00a0\u00bb da_dark_close=\u00a0\u00bboff\u00a0\u00bb da_not_modal=\u00a0\u00bbon\u00a0\u00bb da_is_singular=\u00a0\u00bboff\u00a0\u00bb da_with_loader=\u00a0\u00bboff\u00a0\u00bb da_has_shadow=\u00a0\u00bbon\u00a0\u00bb][et_pb_row admin_label=\u00a0\u00bbrow\u00a0\u00bb _builder_version=\u00a0\u00bb4.16&Prime; background_size=\u00a0\u00bbinitial\u00a0\u00bb background_position=\u00a0\u00bbtop_left\u00a0\u00bb background_repeat=\u00a0\u00bbrepeat\u00a0\u00bb global_colors_info=\u00a0\u00bb{}\u00a0\u00bb][et_pb_column type=\u00a0\u00bb4_4&Prime; _builder_version=\u00a0\u00bb4.16&Prime; custom_padding=\u00a0\u00bb|||\u00a0\u00bb global_colors_info=\u00a0\u00bb{}\u00a0\u00bb custom_padding__hover=\u00a0\u00bb|||\u00a0\u00bb][et_pb_text admin_label=\u00a0\u00bbText\u00a0\u00bb _builder_version=\u00a0\u00bb4.27.4&Prime; background_size=\u00a0\u00bbinitial\u00a0\u00bb background_position=\u00a0\u00bbtop_left\u00a0\u00bb background_repeat=\u00a0\u00bbrepeat\u00a0\u00bb hover_enabled=\u00a0\u00bb0&Prime; global_colors_info=\u00a0\u00bb{}\u00a0\u00bb sticky_enabled=\u00a0\u00bb0&Prime;]<\/p>\n<p>Dans le secteur de l\u2019accueil et du tourisme baln\u00e9aire, <strong>le mobilier ext\u00e9rieur n\u2019est pas un simple compl\u00e9ment, mais un v\u00e9ritable outil de travail<\/strong>. Qu\u2019il s\u2019agisse d\u2019un h\u00f4tel de luxe, d\u2019un \u00e9tablissement baln\u00e9aire ou d\u2019un restaurant avec terrasse, <strong>le choix des \u00e9quipements a une incidence directe sur le confort du client et, surtout, sur la rentabilit\u00e9 \u00e0 long terme de l\u2019activit\u00e9.<\/strong><\/p>\n<p><strong>Mais comment distinguer un produit vraiment professionnel d\u2019un produit purement esth\u00e9tique?<\/strong><br \/>La r\u00e9ponse r\u00e9side dans trois concepts cl\u00e9s\u00a0: Verticalit\u00e9, Dur\u00e9e et Assistance.<\/p>\n<p><img decoding=\"async\" class=\"wp-image-256639 size-medium aligncenter\" src=\"https:\/\/www.rambertigroup.com\/wp-content\/uploads\/2025\/08\/Dream_pool_-292x300.png\" alt=\"\" width=\"292\" height=\"300\" \/><\/p>\n<table border=\"1\">\n<tbody>\n<tr>\n<td><img decoding=\"async\" class=\"wp-image-256782 size-medium aligncenter\" src=\"https:\/\/www.rambertigroup.com\/wp-content\/uploads\/2026\/04\/saldatura-300x220.jpg\" alt=\"\" width=\"300\" height=\"220\" \/><\/td>\n<td><img decoding=\"async\" class=\"wp-image-256778 size-medium aligncenter\" src=\"https:\/\/www.rambertigroup.com\/wp-content\/uploads\/2026\/04\/Ombr-300x220.jpg\" alt=\"\" width=\"300\" height=\"220\" \/><\/td>\n<td><img decoding=\"async\" class=\"wp-image-256786 size-medium aligncenter\" src=\"https:\/\/www.rambertigroup.com\/wp-content\/uploads\/2026\/04\/tess-300x220.jpg\" alt=\"\" width=\"300\" height=\"220\" \/><\/td>\n<td><img decoding=\"async\" class=\"wp-image-256774 size-medium aligncenter\" src=\"https:\/\/www.rambertigroup.com\/wp-content\/uploads\/2026\/04\/cappellotto-300x220.jpg\" alt=\"\" width=\"300\" height=\"220\" \/><\/td>\n<\/tr>\n<\/tbody>\n<\/table>\n<h3 data-start=\"940\" data-end=\"970\">\u00a0<\/h3>\n<h3 data-start=\"940\" data-end=\"970\"><strong>La valeur de la cha\u00eene d\u2019approvisionnement verticale\u00a0: de la mati\u00e8re premi\u00e8re au produit fini<\/strong><\/h3>\n<p>Chez Ramberti Group, nous croyons que la qualit\u00e9 ne peut pas \u00eatre laiss\u00e9e au hasard ou d\u00e9l\u00e9gu\u00e9e \u00e0 des tiers. C\u2019est pourquoi nous avons choisi la voie de la verticalit\u00e9 productive.<\/p>\n<p>Qu\u2019est-ce que cela signifie pour vous ? Cela signifie que nous v\u00e9rifions chaque \u00e9tape :<\/p>\n<ul>\n<li><strong>L\u2019Aluminium :<\/strong> S\u00e9lectionn\u00e9 et travaill\u00e9 pour r\u00e9sister \u00e0 la salet\u00e9 et aux agents atmosph\u00e9riques les plus agressifs.<\/li>\n<li><strong>Le bois :<\/strong> s\u00e9lectionn\u00e9 et travaill\u00e9 avec des techniques artisanales pour assurer la stabilit\u00e9 structurelle.<\/li>\n<li><strong>Le tissu de PVC\u00a0:<\/strong> Con\u00e7u pour maintenir la couleur et la tension m\u00eame sous le soleil br\u00fblant.<\/li>\n<\/ul>\n<p>L\u2019achat aupr\u00e8s d\u2019un producteur qui g\u00e8re toute la cha\u00eene d\u2019approvisionnement garantit un contr\u00f4le de qualit\u00e9 rigoureux et la certitude d\u2019un produit 100% Made in Italy, n\u00e9 pour r\u00e9sister \u00e0 des rythmes d\u2019utilisation intensifs.<\/p>\n<p><img decoding=\"async\" class=\"wp-image-256524 size-medium aligncenter\" src=\"https:\/\/www.rambertigroup.com\/wp-content\/uploads\/2025\/08\/Gazebo_Twice_001-copia-300x210.jpg\" alt=\"\" width=\"300\" height=\"210\" \/><\/p>\n<h3 data-start=\"1407\" data-end=\"1454\"><strong>Durabilit\u00e9 et \u00e9conomie : l\u2019avantage du \u00ab changement de toile<\/strong><\/h3>\n<p>L\u2019un des principaux probl\u00e8mes des g\u00e9rants est l\u2019usure des tissus, qui oblige souvent \u00e0 mettre au rebut des meubles entiers encore structurellement valides.<\/p>\n<p>Notre philosophie est diff\u00e9rente.<strong> Les produits Ramberti sont con\u00e7us pour durer des d\u00e9cennies<\/strong>. Gr\u00e2ce \u00e0 la possibilit\u00e9 de changer de toile sur des chaises longues, des chaises et des parasols, vous pourrez renouveler compl\u00e8tement l\u2019image de votre \u00e9tablissement ou de votre piscine avec un investissement contenu, en conservant les structures originales en aluminium.<\/p>\n<p><em>Moins de gaspillage pour l\u2019environnement, plus d\u2019\u00e9conomies pour votre budget.<\/em><\/p>\n<p data-start=\"1929\" data-end=\"2214\"><img decoding=\"async\" class=\"wp-image-255666 size-medium aligncenter\" src=\"https:\/\/www.rambertigroup.com\/wp-content\/uploads\/2026\/02\/Portofino_Majestic_tondo_Piscina_-copia-300x224.jpg\" alt=\"\" width=\"300\" height=\"224\" \/><\/p>\n<h3 data-start=\"2221\" data-end=\"2259\"><strong>Au-del\u00e0 de la vente\u00a0: l\u2019importance des pi\u00e8ces d\u00e9tach\u00e9es et du service<\/strong><\/h3>\n<p>Pour un manager ou un propri\u00e9taire, il n\u2019y a rien de pire que d\u2019avoir des chaises longues inutilisables ou des parasols avec du tissu d\u00e9chir\u00e9 sans possibilit\u00e9 de r\u00e9paration.<\/p>\n<p>Notre force est le service apr\u00e8s-vente. En tant que fabricant direct, nous garantissons la disponibilit\u00e9 imm\u00e9diate des pi\u00e8ces de rechange d\u2019origine. Vous n\u2019aurez pas \u00e0 attendre des exp\u00e9ditions transoc\u00e9aniennes\u00a0: nos Ramberti points sont \u00e0 votre service pour que votre activit\u00e9 ne s\u2019arr\u00eate jamais, m\u00eame en pleine saison.<\/p>\n<h3 data-start=\"2672\" data-end=\"2728\"><strong>Conclusion\u00a0: Choisir la qualit\u00e9 qui vous rapporte<\/strong><\/h3>\n<p>Investir dans des \u00e9quipements professionnels Ramberti Group signifie choisir la tranquillit\u00e9. Cela signifie offrir \u00e0 ses h\u00f4tes le meilleur du made in Italy et s\u2019assurer un parc de meubles qui conserve sa valeur au fil du temps.<\/p>\n<p>Vous avez besoin de r\u00e9nover votre espace ext\u00e9rieur pour la saison prochaine ? Ne vous fiez pas au hasard. Choisissez l\u2019exp\u00e9rience et la solidit\u00e9 de ceux qui produisent des meubles professionnels du c\u0153ur de l\u2019Italie.<\/p>\n<p><img decoding=\"async\" class=\"wp-image-255596 size-medium aligncenter\" src=\"https:\/\/www.rambertigroup.com\/wp-content\/uploads\/2025\/08\/Suite_spiaggia-copia-300x300.jpg\" alt=\"Daybed SUITE Spiaggia\" width=\"300\" height=\"300\" \/><\/p>\n<p><a href=\"https:\/\/www.rambertigroup.com\/wp-content\/uploads\/2025\/10\/2025-10-Catalogo_Ramberti_group.pdf\"><b data-path-to-node=\"20\" data-index-in-node=\"1\">D\u00c9COUVREZ NOTRE CATALOGUE<\/b><\/a><br \/><a href=\"https:\/\/www.rambertigroup.com\/fr\/contacts\/\"><b data-path-to-node=\"20\" data-index-in-node=\"57\">DEMANDEZ UN DEVIS PERSONNALIS\u00c9<\/b><\/a><\/p>\n<p>[\/et_pb_text][\/et_pb_column][\/et_pb_row][\/et_pb_section]<\/p>\n","protected":false},"excerpt":{"rendered":"<p>Dans le secteur de l\u2019accueil et du tourisme baln\u00e9aire, le mobilier ext\u00e9rieur n\u2019est pas un simple compl\u00e9ment, mais un v\u00e9ritable outil de travail. Qu\u2019il s\u2019agisse d\u2019un h\u00f4tel de luxe, d\u2019un \u00e9tablissement baln\u00e9aire ou d\u2019un restaurant avec terrasse, le choix des \u00e9quipements a une incidence directe sur le confort du client et, surtout, sur la rentabilit\u00e9 \u00e0 long terme de l\u2019activit\u00e9. Mais comment distinguer un produit vraiment professionnel d\u2019un produit purement esth\u00e9tique?La r\u00e9ponse r\u00e9side dans trois concepts cl\u00e9s\u00a0: Verticalit\u00e9, Dur\u00e9e et Assistance. \u00a0 La valeur de la cha\u00eene d\u2019approvisionnement verticale\u00a0: de la mati\u00e8re premi\u00e8re au produit fini Chez Ramberti Group, nous croyons que la qualit\u00e9 ne peut pas \u00eatre laiss\u00e9e au hasard ou d\u00e9l\u00e9gu\u00e9e \u00e0 des tiers. C\u2019est pourquoi nous avons choisi la voie de la verticalit\u00e9 productive. Qu\u2019est-ce que cela signifie pour vous ? Cela signifie que nous v\u00e9rifions chaque \u00e9tape : L\u2019Aluminium : S\u00e9lectionn\u00e9 et travaill\u00e9 pour r\u00e9sister \u00e0 la salet\u00e9 et aux agents atmosph\u00e9riques les plus agressifs. Le bois : s\u00e9lectionn\u00e9 et travaill\u00e9 avec des techniques artisanales pour assurer la stabilit\u00e9 structurelle. Le tissu de PVC\u00a0: Con\u00e7u pour maintenir la couleur et la tension m\u00eame sous le soleil br\u00fblant. L\u2019achat aupr\u00e8s d\u2019un producteur qui g\u00e8re toute la cha\u00eene [&hellip;]<\/p>\n","protected":false},"author":2,"featured_media":256715,"comment_status":"closed","ping_status":"closed","sticky":false,"template":"","format":"standard","meta":{"_acf_changed":false,"_et_pb_use_builder":"on","_et_pb_old_content":"<p data-start=\"297\" data-end=\"933\">Il existe un moment, au c\u0153ur de chaque journ\u00e9e d\u2019\u00e9t\u00e9, o\u00f9 la lumi\u00e8re change, le soleil se d\u00e9place, et na\u00eet le d\u00e9sir \u2014 d\u2019un simple geste \u2014 d\u2019orienter son transat vers le soleil ou vers l\u2019ombre.<br data-start=\"488\" data-end=\"491\" \/>Le <strong data-start=\"494\" data-end=\"518\">Daybed Dream Rotatif<\/strong> est n\u00e9 de cette id\u00e9e : transformer le confort en une exp\u00e9rience <strong data-start=\"583\" data-end=\"619\">dynamique, fluide et personnelle<\/strong>.<br data-start=\"620\" data-end=\"623\" \/>Aucun mouvement brusque, seulement la douceur d\u2019un design qui suit naturellement le rythme de votre bien-\u00eatre.<br data-start=\"733\" data-end=\"736\" \/>Un <strong data-start=\"739\" data-end=\"769\">daybed \u00e0 baldaquin de luxe<\/strong>, enti\u00e8rement <strong data-start=\"783\" data-end=\"800\">Made in Italy<\/strong>, con\u00e7u pour ceux qui vivent l\u2019hospitalit\u00e9 comme un art et souhaitent faire de chaque espace ext\u00e9rieur une exp\u00e9rience de pur plaisir.<\/p>\r\n<p data-start=\"297\" data-end=\"933\"><img class=\"size-medium wp-image-252828 aligncenter\" src=\"https:\/\/www.rambertigroup.com\/wp-content\/uploads\/2025\/10\/IMG_20251008_140220-225x300.jpg\" alt=\"\" width=\"225\" height=\"300\" \/><\/p>\r\n\r\n<h3 data-start=\"940\" data-end=\"970\"><strong data-start=\"944\" data-end=\"970\">L\u2019\u00e9volution du confort<\/strong><\/h3>\r\n<p data-start=\"972\" data-end=\"1400\">Apr\u00e8s le succ\u00e8s des <a href=\"https:\/\/www.rambertigroup.com\/fr\/article\/daybed-en-aluminium-dream-joy\/\"><strong data-start=\"992\" data-end=\"1015\">Daybeds Joy & Dream<\/strong><\/a> \u2013 l\u2019un \u00e0 dossier fixe, raffin\u00e9 et id\u00e9al pour les moments d\u2019ap\u00e9ritif, l\u2019autre inclinable et accueillant \u2013 voici une nouvelle interpr\u00e9tation du <strong data-start=\"1158\" data-end=\"1180\">relax en plein air<\/strong>.<br data-start=\"1181\" data-end=\"1184\" \/>La version <strong data-start=\"1195\" data-end=\"1207\">rotative<\/strong> ajoute une touche de libert\u00e9 : la possibilit\u00e9 de suivre le soleil ou la vue avec la m\u00eame \u00e9l\u00e9gance que l\u2019on savoure un instant de calme.<br data-start=\"1343\" data-end=\"1346\" \/>Un mobilier qui, litt\u00e9ralement, <strong data-start=\"1378\" data-end=\"1399\">se meut avec vous<\/strong>.<\/p>\r\n\r\n<h3 data-start=\"1407\" data-end=\"1454\"><strong data-start=\"1411\" data-end=\"1454\">Un c\u0153ur d\u2019aluminium et une \u00e2me de tissu<\/strong><\/h3>\r\n<p data-start=\"1456\" data-end=\"1927\">La structure, enti\u00e8rement r\u00e9alis\u00e9e en <strong data-start=\"1494\" data-end=\"1519\">aluminium peint blanc<\/strong>, allie solidit\u00e9 et l\u00e9g\u00e8ret\u00e9.<br data-start=\"1548\" data-end=\"1551\" \/>Les <strong data-start=\"1555\" data-end=\"1591\">finitions en acier inox AISI 316<\/strong>, r\u00e9sistantes \u00e0 la corrosion et au sel marin, t\u00e9moignent d\u2019une durabilit\u00e9 exceptionnelle, m\u00eame dans les environnements les plus exigeants : <strong data-start=\"1731\" data-end=\"1798\">resorts en bord de mer, beach clubs exclusifs, h\u00f4tels de charme<\/strong>.<br data-start=\"1799\" data-end=\"1802\" \/>Chaque d\u00e9tail est pens\u00e9 pour r\u00e9sister au temps et aux \u00e9l\u00e9ments, sans renoncer \u00e0 la <strong data-start=\"1885\" data-end=\"1924\">puret\u00e9 esth\u00e9tique du design italien<\/strong>.<\/p>\r\n<p data-start=\"1929\" data-end=\"2214\">Et le confort ? <a href=\"https:\/\/www.rambertigroup.com\/fr\/article\/matelas-pour-transat\/\">Les <strong data-start=\"1949\" data-end=\"1986\">matelas filtrants en tissu Milano<\/strong><\/a>, \u00e0 la fois doux et techniques, respirants et anti-moisissure, permettent \u00e0 l\u2019eau de s\u2019\u00e9couler et \u00e0 l\u2019air de s\u00e9cher rapidement.<br data-start=\"2113\" data-end=\"2116\" \/>Aucune \u00e9ponge, aucune odeur, aucun souci \u2014 seulement un <strong data-start=\"2172\" data-end=\"2213\">relax toujours pr\u00eat, toujours parfait<\/strong>.<\/p>\r\n<p data-start=\"1929\" data-end=\"2214\"><img class=\"size-medium wp-image-249984 aligncenter\" src=\"https:\/\/www.rambertigroup.com\/wp-content\/uploads\/2025\/07\/big-3-300x300.jpg\" alt=\"\" width=\"300\" height=\"300\" \/><\/p>\r\n\r\n<h3 data-start=\"2221\" data-end=\"2259\"><strong data-start=\"2225\" data-end=\"2259\">L\u2019\u00e9l\u00e9gance d\u2019un mobilier libre<\/strong><\/h3>\r\n<p data-start=\"2261\" data-end=\"2665\">Avec sa <strong data-start=\"2269\" data-end=\"2299\">couverture en tissu Milano<\/strong> et ses <strong data-start=\"2307\" data-end=\"2334\">rideaux blancs ou beige<\/strong> flottant au vent, le daybed cr\u00e9e un espace d\u2019intimit\u00e9 suspendu entre ciel et terre.<br data-start=\"2418\" data-end=\"2421\" \/>Un lieu o\u00f9 le temps ralentit, o\u00f9 la lumi\u00e8re se fait douce, o\u00f9 chaque h\u00f4te retrouve un moment pour soi.<br data-start=\"2523\" data-end=\"2526\" \/>Car il ne s\u2019agit pas seulement d\u2019un <strong data-start=\"2562\" data-end=\"2586\">mobilier d\u2019ext\u00e9rieur<\/strong>, mais d\u2019une <strong data-start=\"2599\" data-end=\"2621\">philosophie de vie<\/strong> : raffin\u00e9e, intime et profond\u00e9ment humaine.<\/p>\r\n\r\n<h3 data-start=\"2672\" data-end=\"2728\"><strong data-start=\"2676\" data-end=\"2728\">Un design qui parle la langue de la personnalit\u00e9<\/strong><\/h3>\r\n<p data-start=\"2730\" data-end=\"3110\">Comme toute cr\u00e9ation sign\u00e9e <strong data-start=\"2758\" data-end=\"2776\">Ramberti Group<\/strong>, enti\u00e8rement <strong data-start=\"2790\" data-end=\"2813\">fabriqu\u00e9e en Italie<\/strong>, le <strong data-start=\"2818\" data-end=\"2842\">Daybed Dream Rotatif<\/strong> est <strong data-start=\"2847\" data-end=\"2892\">personnalisable dans les moindres d\u00e9tails<\/strong> : des <strong data-start=\"2899\" data-end=\"2915\">couleurs RAL<\/strong> de la structure au choix des finitions.<br data-start=\"2955\" data-end=\"2958\" \/>Chaque pi\u00e8ce devient un <strong data-start=\"2982\" data-end=\"3004\">\u00e9l\u00e9ment distinctif<\/strong>, une <strong data-start=\"3010\" data-end=\"3032\">signature visuelle<\/strong> qui sublime l\u2019atmosph\u00e8re d\u2019une terrasse, d\u2019une piscine ou d\u2019une plage priv\u00e9e.<\/p>\r\n<p data-start=\"3180\" data-end=\"3443\"><em>Le <strong data-start=\"3183\" data-end=\"3207\">Daybed Dream Rotatif<\/strong> n\u2019est pas un simple mobilier.<\/em><br data-start=\"3237\" data-end=\"3240\" \/><em>C\u2019est <strong data-start=\"3246\" data-end=\"3280\">l\u2019histoire d\u2019un mouvement lent<\/strong>, d\u2019une id\u00e9e du confort qui \u00e9volue avec vous.<\/em><br data-start=\"3325\" data-end=\"3328\" \/><em>Une <strong data-start=\"3332\" data-end=\"3382\">exp\u00e9rience de design, d\u2019\u00e9l\u00e9gance et de libert\u00e9<\/strong>, sign\u00e9e <strong data-start=\"3391\" data-end=\"3409\">Ramberti Group<\/strong> et <strong data-start=\"3413\" data-end=\"3442\">enti\u00e8rement Made in Italy<\/strong>.<\/em><\/p>","_et_gb_content_width":"","footnotes":""},"categories":[3],"tags":[],"class_list":["post-256710","post","type-post","status-publish","format-standard","has-post-thumbnail","hentry","category-non-classifiee"],"acf":[],"_links":{"self":[{"href":"https:\/\/www.rambertigroup.com\/fr\/wp-json\/wp\/v2\/posts\/256710","targetHints":{"allow":["GET"]}}],"collection":[{"href":"https:\/\/www.rambertigroup.com\/fr\/wp-json\/wp\/v2\/posts"}],"about":[{"href":"https:\/\/www.rambertigroup.com\/fr\/wp-json\/wp\/v2\/types\/post"}],"author":[{"embeddable":true,"href":"https:\/\/www.rambertigroup.com\/fr\/wp-json\/wp\/v2\/users\/2"}],"replies":[{"embeddable":true,"href":"https:\/\/www.rambertigroup.com\/fr\/wp-json\/wp\/v2\/comments?post=256710"}],"version-history":[{"count":7,"href":"https:\/\/www.rambertigroup.com\/fr\/wp-json\/wp\/v2\/posts\/256710\/revisions"}],"predecessor-version":[{"id":256806,"href":"https:\/\/www.rambertigroup.com\/fr\/wp-json\/wp\/v2\/posts\/256710\/revisions\/256806"}],"wp:featuredmedia":[{"embeddable":true,"href":"https:\/\/www.rambertigroup.com\/fr\/wp-json\/wp\/v2\/media\/256715"}],"wp:attachment":[{"href":"https:\/\/www.rambertigroup.com\/fr\/wp-json\/wp\/v2\/media?parent=256710"}],"wp:term":[{"taxonomy":"category","embeddable":true,"href":"https:\/\/www.rambertigroup.com\/fr\/wp-json\/wp\/v2\/categories?post=256710"},{"taxonomy":"post_tag","embeddable":true,"href":"https:\/\/www.rambertigroup.com\/fr\/wp-json\/wp\/v2\/tags?post=256710"}],"curies":[{"name":"wp","href":"https:\/\/api.w.org\/{rel}","templated":true}]}}